{"id":2299,"date":"2015-01-30T15:09:36","date_gmt":"2015-01-30T14:09:36","guid":{"rendered":"http:\/\/www.feuerwehr-brickeln-quickborn.de\/wcms\/?p=2299"},"modified":"2015-01-31T16:04:14","modified_gmt":"2015-01-31T15:04:14","slug":"jahreshauptversammlung","status":"publish","type":"post","link":"http:\/\/www.feuerwehr-brickeln-quickborn.de\/wcms\/2015\/jahreshauptversammlung\/","title":{"rendered":"Jahreshauptversammlung"},"content":{"rendered":"<p>Wahlen, Ehrungen und Bef\u00f6rderungen standen auf<br \/>\nder Tagesordnung der diesj\u00e4hrigen Jahreshauptversammlung:<br \/>\nNachdem der bisherige Jugendwart Sascha Fricke sein Amt niedergelegt hat<br \/>\nund aus der Feuerwehr ausgetreten ist, mu\u00dfte ein neuer Jugendwart gew\u00e4hlt werden.<br \/>\nAls Nachfolger stellte sich Florian Stegemann zur Verf\u00fcgung und<br \/>\nwurde von der Versammlung einstimmig gew\u00e4hlt.<br \/>\nFlorian Stegemann und Holger Mosel wurden von Wehrf\u00fchrer Klaus R\u00fchmann neu in unsere Wehr aufgenommen.<br \/>\nAls Kassenwart wurde Marten Karstens wiedergew\u00e4hlt.<br \/>\nNeuer 1. AT &#8211; Ger\u00e4tewart ist Nils Werner, 2. AT &#8211; Ger\u00e4tewart wurde Bj\u00f6rn Karstens.<br \/>\nNeu im Festausschu\u00df sind Ralf Jebens und Bj\u00f6rn Karstens,<br \/>\nsie unterst\u00fctzen Jan Hartmann und Sven H\u00e4bel.<br \/>\nNils Werner wurde f\u00fcr 10 Jahre und Torben Suhr f\u00fcr 20 Jahre aktiven Dienst geehrt.<br \/>\nUnser Wehrf\u00fchrer Klaus R\u00fchmann und Uwe Wilstermann erhielten aus der Hand des<br \/>\nAmtswehrf\u00fchrer Kay Ehlers das Brandschutzehrenzeichen in Silber f\u00fcr 25 Jahre aktiven Dienst.<br \/>\nB\u00fcrgermeister Peter Kaiser und Hans &#8211; Otto R\u00fchmann wurden<br \/>\nf\u00fcr 40 Jahre aktiven Dienst mit dem Brandschutzehrenzeichen in Gold geehrt.<br \/>\nBef\u00f6rdert wurde Holger Mosel zum Feuerwehrmann und<br \/>\nS\u00fcnje Bonka\u00df zur Oberfeuerwehrfrau.<br \/>\n\n\t\t<style type=\"text\/css\">\n\t\t\t#gallery-1 {\n\t\t\t\tmargin: auto;\n\t\t\t}\n\t\t\t#gallery-1 .gallery-item {\n\t\t\t\tfloat: left;\n\t\t\t\tmargin-top: 10px;\n\t\t\t\ttext-align: center;\n\t\t\t\twidth: 25%;\n\t\t\t}\n\t\t\t#gallery-1 img {\n\t\t\t\tborder: 2px solid #cfcfcf;\n\t\t\t}\n\t\t\t#gallery-1 .gallery-caption {\n\t\t\t\tmargin-left: 0;\n\t\t\t}\n\t\t\t\/* see gallery_shortcode() in wp-includes\/media.php *\/\n\t\t<\/style>\n\t\t<div id='gallery-1' class='gallery galleryid-2299 gallery-columns-4 gallery-size-thumbnail'><dl class='gallery-item'>\n\t\t\t<dt class='gallery-icon landscape'>\n\t\t\t\t<a href='http:\/\/www.feuerwehr-brickeln-quickborn.de\/wcms\/wp-content\/uploads\/2015\/01\/DSC01095.jpg' title=\"\" data-rl_title=\"\" class=\"rl-gallery-link\" data-rl_caption=\"\" data-rel=\"lightbox-gallery-1\"><img loading=\"lazy\" decoding=\"async\" width=\"150\" height=\"150\" src=\"http:\/\/www.feuerwehr-brickeln-quickborn.de\/wcms\/wp-content\/uploads\/2015\/01\/DSC01095-150x150.jpg\" class=\"attachment-thumbnail size-thumbnail\" alt=\"\" aria-describedby=\"gallery-1-2302\" \/><\/a>\n\t\t\t<\/dt>\n\t\t\t\t<dd class='wp-caption-text gallery-caption' id='gallery-1-2302'>\n\t\t\t\tDie Ehrenmitglieder Herbert Pommerenke und Ernst Strufe\n\t\t\t\t<\/dd><\/dl><dl class='gallery-item'>\n\t\t\t<dt class='gallery-icon landscape'>\n\t\t\t\t<a href='http:\/\/www.feuerwehr-brickeln-quickborn.de\/wcms\/wp-content\/uploads\/2015\/01\/DSC01093.jpg' title=\"\" data-rl_title=\"\" class=\"rl-gallery-link\" data-rl_caption=\"\" data-rel=\"lightbox-gallery-1\"><img loading=\"lazy\" decoding=\"async\" width=\"150\" height=\"150\" src=\"http:\/\/www.feuerwehr-brickeln-quickborn.de\/wcms\/wp-content\/uploads\/2015\/01\/DSC01093-150x150.jpg\" class=\"attachment-thumbnail size-thumbnail\" alt=\"\" aria-describedby=\"gallery-1-2300\" \/><\/a>\n\t\t\t<\/dt>\n\t\t\t\t<dd class='wp-caption-text gallery-caption' id='gallery-1-2300'>\n\t\t\t\tAmtswehrf\u00fchrer Kay Ehlers, Ehrenamtswehrf\u00fchrer Helmut Pusch und Ehrenwehrf\u00fchrer Karl Buchholz\n\t\t\t\t<\/dd><\/dl><dl class='gallery-item'>\n\t\t\t<dt class='gallery-icon landscape'>\n\t\t\t\t<a href='http:\/\/www.feuerwehr-brickeln-quickborn.de\/wcms\/wp-content\/uploads\/2015\/01\/DSC01094.jpg' title=\"\" data-rl_title=\"\" class=\"rl-gallery-link\" data-rl_caption=\"\" data-rel=\"lightbox-gallery-1\"><img loading=\"lazy\" decoding=\"async\" width=\"150\" height=\"150\" src=\"http:\/\/www.feuerwehr-brickeln-quickborn.de\/wcms\/wp-content\/uploads\/2015\/01\/DSC01094-150x150.jpg\" class=\"attachment-thumbnail size-thumbnail\" alt=\"\" aria-describedby=\"gallery-1-2301\" \/><\/a>\n\t\t\t<\/dt>\n\t\t\t\t<dd class='wp-caption-text gallery-caption' id='gallery-1-2301'>\n\t\t\t\tFlorian Stegemann und Holger Mosel\n\t\t\t\t<\/dd><\/dl><dl class='gallery-item'>\n\t\t\t<dt class='gallery-icon landscape'>\n\t\t\t\t<a href='http:\/\/www.feuerwehr-brickeln-quickborn.de\/wcms\/wp-content\/uploads\/2015\/01\/DSC01103.jpg' title=\"\" data-rl_title=\"\" class=\"rl-gallery-link\" data-rl_caption=\"\" data-rel=\"lightbox-gallery-1\"><img loading=\"lazy\" decoding=\"async\" width=\"150\" height=\"150\" src=\"http:\/\/www.feuerwehr-brickeln-quickborn.de\/wcms\/wp-content\/uploads\/2015\/01\/DSC01103-150x150.jpg\" class=\"attachment-thumbnail size-thumbnail\" alt=\"\" \/><\/a>\n\t\t\t<\/dt><\/dl><br style=\"clear: both\" \/><dl class='gallery-item'>\n\t\t\t<dt class='gallery-icon landscape'>\n\t\t\t\t<a href='http:\/\/www.feuerwehr-brickeln-quickborn.de\/wcms\/wp-content\/uploads\/2015\/01\/DSC01106.jpg' title=\"\" data-rl_title=\"\" class=\"rl-gallery-link\" data-rl_caption=\"\" data-rel=\"lightbox-gallery-1\"><img loading=\"lazy\" decoding=\"async\" width=\"150\" height=\"150\" src=\"http:\/\/www.feuerwehr-brickeln-quickborn.de\/wcms\/wp-content\/uploads\/2015\/01\/DSC01106-150x150.jpg\" class=\"attachment-thumbnail size-thumbnail\" alt=\"\" aria-describedby=\"gallery-1-2304\" \/><\/a>\n\t\t\t<\/dt>\n\t\t\t\t<dd class='wp-caption-text gallery-caption' id='gallery-1-2304'>\n\t\t\t\tTorben Suhr und Nils Werner\n\t\t\t\t<\/dd><\/dl><dl class='gallery-item'>\n\t\t\t<dt class='gallery-icon landscape'>\n\t\t\t\t<a href='http:\/\/www.feuerwehr-brickeln-quickborn.de\/wcms\/wp-content\/uploads\/2015\/01\/DSC01109.jpg' title=\"\" data-rl_title=\"\" class=\"rl-gallery-link\" data-rl_caption=\"\" data-rel=\"lightbox-gallery-1\"><img loading=\"lazy\" decoding=\"async\" width=\"150\" height=\"150\" src=\"http:\/\/www.feuerwehr-brickeln-quickborn.de\/wcms\/wp-content\/uploads\/2015\/01\/DSC01109-150x150.jpg\" class=\"attachment-thumbnail size-thumbnail\" alt=\"\" \/><\/a>\n\t\t\t<\/dt><\/dl><dl class='gallery-item'>\n\t\t\t<dt class='gallery-icon landscape'>\n\t\t\t\t<a href='http:\/\/www.feuerwehr-brickeln-quickborn.de\/wcms\/wp-content\/uploads\/2015\/01\/DSC01110.jpg' title=\"\" data-rl_title=\"\" class=\"rl-gallery-link\" data-rl_caption=\"\" data-rel=\"lightbox-gallery-1\"><img loading=\"lazy\" decoding=\"async\" width=\"150\" height=\"150\" src=\"http:\/\/www.feuerwehr-brickeln-quickborn.de\/wcms\/wp-content\/uploads\/2015\/01\/DSC01110-150x150.jpg\" class=\"attachment-thumbnail size-thumbnail\" alt=\"\" \/><\/a>\n\t\t\t<\/dt><\/dl><dl class='gallery-item'>\n\t\t\t<dt class='gallery-icon landscape'>\n\t\t\t\t<a href='http:\/\/www.feuerwehr-brickeln-quickborn.de\/wcms\/wp-content\/uploads\/2015\/01\/DSC01112.jpg' title=\"\" data-rl_title=\"\" class=\"rl-gallery-link\" data-rl_caption=\"\" data-rel=\"lightbox-gallery-1\"><img loading=\"lazy\" decoding=\"async\" width=\"150\" height=\"150\" src=\"http:\/\/www.feuerwehr-brickeln-quickborn.de\/wcms\/wp-content\/uploads\/2015\/01\/DSC01112-150x150.jpg\" class=\"attachment-thumbnail size-thumbnail\" alt=\"\" \/><\/a>\n\t\t\t<\/dt><\/dl><br style=\"clear: both\" \/><dl class='gallery-item'>\n\t\t\t<dt class='gallery-icon landscape'>\n\t\t\t\t<a href='http:\/\/www.feuerwehr-brickeln-quickborn.de\/wcms\/wp-content\/uploads\/2015\/01\/DSC01114.jpg' title=\"\" data-rl_title=\"\" class=\"rl-gallery-link\" data-rl_caption=\"\" data-rel=\"lightbox-gallery-1\"><img loading=\"lazy\" decoding=\"async\" width=\"150\" height=\"150\" src=\"http:\/\/www.feuerwehr-brickeln-quickborn.de\/wcms\/wp-content\/uploads\/2015\/01\/DSC01114-150x150.jpg\" class=\"attachment-thumbnail size-thumbnail\" alt=\"\" aria-describedby=\"gallery-1-2308\" \/><\/a>\n\t\t\t<\/dt>\n\t\t\t\t<dd class='wp-caption-text gallery-caption' id='gallery-1-2308'>\n\t\t\t\tBrandschutzehrenzeichen in Silber f\u00fcr Klaus R\u00fchmann\n\t\t\t\t<\/dd><\/dl><dl class='gallery-item'>\n\t\t\t<dt class='gallery-icon landscape'>\n\t\t\t\t<a href='http:\/\/www.feuerwehr-brickeln-quickborn.de\/wcms\/wp-content\/uploads\/2015\/01\/DSC01118.jpg' title=\"\" data-rl_title=\"\" class=\"rl-gallery-link\" data-rl_caption=\"\" data-rel=\"lightbox-gallery-1\"><img loading=\"lazy\" decoding=\"async\" width=\"150\" height=\"150\" src=\"http:\/\/www.feuerwehr-brickeln-quickborn.de\/wcms\/wp-content\/uploads\/2015\/01\/DSC01118-150x150.jpg\" class=\"attachment-thumbnail size-thumbnail\" alt=\"\" \/><\/a>\n\t\t\t<\/dt><\/dl><dl class='gallery-item'>\n\t\t\t<dt class='gallery-icon landscape'>\n\t\t\t\t<a href='http:\/\/www.feuerwehr-brickeln-quickborn.de\/wcms\/wp-content\/uploads\/2015\/01\/DSC01119.jpg' title=\"\" data-rl_title=\"\" class=\"rl-gallery-link\" data-rl_caption=\"\" data-rel=\"lightbox-gallery-1\"><img loading=\"lazy\" decoding=\"async\" width=\"150\" height=\"150\" src=\"http:\/\/www.feuerwehr-brickeln-quickborn.de\/wcms\/wp-content\/uploads\/2015\/01\/DSC01119-150x150.jpg\" class=\"attachment-thumbnail size-thumbnail\" alt=\"\" aria-describedby=\"gallery-1-2310\" \/><\/a>\n\t\t\t<\/dt>\n\t\t\t\t<dd class='wp-caption-text gallery-caption' id='gallery-1-2310'>\n\t\t\t\tBrandschutzehrenzeichen in Silber f\u00fcr Uwe Wilstermann\n\t\t\t\t<\/dd><\/dl><dl class='gallery-item'>\n\t\t\t<dt class='gallery-icon landscape'>\n\t\t\t\t<a href='http:\/\/www.feuerwehr-brickeln-quickborn.de\/wcms\/wp-content\/uploads\/2015\/01\/DSC01121.jpg' title=\"\" data-rl_title=\"\" class=\"rl-gallery-link\" data-rl_caption=\"\" data-rel=\"lightbox-gallery-1\"><img loading=\"lazy\" decoding=\"async\" width=\"150\" height=\"150\" src=\"http:\/\/www.feuerwehr-brickeln-quickborn.de\/wcms\/wp-content\/uploads\/2015\/01\/DSC01121-150x150.jpg\" class=\"attachment-thumbnail size-thumbnail\" alt=\"\" aria-describedby=\"gallery-1-2311\" \/><\/a>\n\t\t\t<\/dt>\n\t\t\t\t<dd class='wp-caption-text gallery-caption' id='gallery-1-2311'>\n\t\t\t\tBrandschutzehrenzeichen in Gold f\u00fcr Peter Kaiser\n\t\t\t\t<\/dd><\/dl><br style=\"clear: both\" \/><dl class='gallery-item'>\n\t\t\t<dt class='gallery-icon landscape'>\n\t\t\t\t<a href='http:\/\/www.feuerwehr-brickeln-quickborn.de\/wcms\/wp-content\/uploads\/2015\/01\/DSC01126.jpg' title=\"\" data-rl_title=\"\" class=\"rl-gallery-link\" data-rl_caption=\"\" data-rel=\"lightbox-gallery-1\"><img loading=\"lazy\" decoding=\"async\" width=\"150\" height=\"150\" src=\"http:\/\/www.feuerwehr-brickeln-quickborn.de\/wcms\/wp-content\/uploads\/2015\/01\/DSC01126-150x150.jpg\" class=\"attachment-thumbnail size-thumbnail\" alt=\"\" aria-describedby=\"gallery-1-2312\" \/><\/a>\n\t\t\t<\/dt>\n\t\t\t\t<dd class='wp-caption-text gallery-caption' id='gallery-1-2312'>\n\t\t\t\tBrandschutzehrenzeichen in Gold f\u00fcr Hans-Otto R\u00fchmann\n\t\t\t\t<\/dd><\/dl><dl class='gallery-item'>\n\t\t\t<dt class='gallery-icon landscape'>\n\t\t\t\t<a href='http:\/\/www.feuerwehr-brickeln-quickborn.de\/wcms\/wp-content\/uploads\/2015\/01\/DSC01127.jpg' title=\"\" data-rl_title=\"\" class=\"rl-gallery-link\" data-rl_caption=\"\" data-rel=\"lightbox-gallery-1\"><img loading=\"lazy\" decoding=\"async\" width=\"150\" height=\"150\" src=\"http:\/\/www.feuerwehr-brickeln-quickborn.de\/wcms\/wp-content\/uploads\/2015\/01\/DSC01127-150x150.jpg\" class=\"attachment-thumbnail size-thumbnail\" alt=\"\" aria-describedby=\"gallery-1-2313\" \/><\/a>\n\t\t\t<\/dt>\n\t\t\t\t<dd class='wp-caption-text gallery-caption' id='gallery-1-2313'>\n\t\t\t\tDie Geehrten\n\t\t\t\t<\/dd><\/dl><dl class='gallery-item'>\n\t\t\t<dt class='gallery-icon landscape'>\n\t\t\t\t<a href='http:\/\/www.feuerwehr-brickeln-quickborn.de\/wcms\/wp-content\/uploads\/2015\/01\/DSC01128.jpg' title=\"\" data-rl_title=\"\" class=\"rl-gallery-link\" data-rl_caption=\"\" data-rel=\"lightbox-gallery-1\"><img loading=\"lazy\" decoding=\"async\" width=\"150\" height=\"150\" src=\"http:\/\/www.feuerwehr-brickeln-quickborn.de\/wcms\/wp-content\/uploads\/2015\/01\/DSC01128-150x150.jpg\" class=\"attachment-thumbnail size-thumbnail\" alt=\"\" aria-describedby=\"gallery-1-2314\" \/><\/a>\n\t\t\t<\/dt>\n\t\t\t\t<dd class='wp-caption-text gallery-caption' id='gallery-1-2314'>\n\t\t\t\tHolger Mosel und S\u00fcnje Bonka\u00df &#8211; Ein Stern f\u00fcr unser Sternchen\n\t\t\t\t<\/dd><\/dl><dl class='gallery-item'>\n\t\t\t<dt class='gallery-icon landscape'>\n\t\t\t\t<a href='http:\/\/www.feuerwehr-brickeln-quickborn.de\/wcms\/wp-content\/uploads\/2015\/01\/DSC01130.jpg' title=\"\" data-rl_title=\"\" class=\"rl-gallery-link\" data-rl_caption=\"\" data-rel=\"lightbox-gallery-1\"><img loading=\"lazy\" decoding=\"async\" width=\"150\" height=\"150\" src=\"http:\/\/www.feuerwehr-brickeln-quickborn.de\/wcms\/wp-content\/uploads\/2015\/01\/DSC01130-150x150.jpg\" class=\"attachment-thumbnail size-thumbnail\" alt=\"\" \/><\/a>\n\t\t\t<\/dt><\/dl><br style=\"clear: both\" \/><dl class='gallery-item'>\n\t\t\t<dt class='gallery-icon landscape'>\n\t\t\t\t<a href='http:\/\/www.feuerwehr-brickeln-quickborn.de\/wcms\/wp-content\/uploads\/2015\/01\/DSC01142.jpg' title=\"\" data-rl_title=\"\" class=\"rl-gallery-link\" data-rl_caption=\"\" data-rel=\"lightbox-gallery-1\"><img loading=\"lazy\" decoding=\"async\" width=\"150\" height=\"150\" src=\"http:\/\/www.feuerwehr-brickeln-quickborn.de\/wcms\/wp-content\/uploads\/2015\/01\/DSC01142-150x150.jpg\" class=\"attachment-thumbnail size-thumbnail\" alt=\"\" \/><\/a>\n\t\t\t<\/dt><\/dl>\n\t\t\t<br style='clear: both' \/>\n\t\t<\/div>\n<\/p>\n","protected":false},"excerpt":{"rendered":"Wahlen, Ehrungen und Bef\u00f6rderungen standen auf\nder Tagesordnung der diesj\u00e4hrigen Jahreshauptversammlung:\nNachdem der bisherige Jugendwart Sascha Fricke sein Amt niedergelegt hat\nund aus der Feuerwehr ausgetreten ist, mu\u00dfte &hellip;","protected":false},"author":3,"featured_media":2308,"comment_status":"closed","ping_status":"open","sticky":false,"template":"","format":"standard","meta":{"footnotes":""},"categories":[1],"tags":[],"class_list":["post-2299","post","type-post","status-publish","format-standard","has-post-thumbnail","hentry","category-passiert"],"_links":{"self":[{"href":"http:\/\/www.feuerwehr-brickeln-quickborn.de\/wcms\/wp-json\/wp\/v2\/posts\/2299","targetHints":{"allow":["GET"]}}],"collection":[{"href":"http:\/\/www.feuerwehr-brickeln-quickborn.de\/wcms\/wp-json\/wp\/v2\/posts"}],"about":[{"href":"http:\/\/www.feuerwehr-brickeln-quickborn.de\/wcms\/wp-json\/wp\/v2\/types\/post"}],"author":[{"embeddable":true,"href":"http:\/\/www.feuerwehr-brickeln-quickborn.de\/wcms\/wp-json\/wp\/v2\/users\/3"}],"replies":[{"embeddable":true,"href":"http:\/\/www.feuerwehr-brickeln-quickborn.de\/wcms\/wp-json\/wp\/v2\/comments?post=2299"}],"version-history":[{"count":9,"href":"http:\/\/www.feuerwehr-brickeln-quickborn.de\/wcms\/wp-json\/wp\/v2\/posts\/2299\/revisions"}],"predecessor-version":[{"id":2339,"href":"http:\/\/www.feuerwehr-brickeln-quickborn.de\/wcms\/wp-json\/wp\/v2\/posts\/2299\/revisions\/2339"}],"wp:featuredmedia":[{"embeddable":true,"href":"http:\/\/www.feuerwehr-brickeln-quickborn.de\/wcms\/wp-json\/wp\/v2\/media\/2308"}],"wp:attachment":[{"href":"http:\/\/www.feuerwehr-brickeln-quickborn.de\/wcms\/wp-json\/wp\/v2\/media?parent=2299"}],"wp:term":[{"taxonomy":"category","embeddable":true,"href":"http:\/\/www.feuerwehr-brickeln-quickborn.de\/wcms\/wp-json\/wp\/v2\/categories?post=2299"},{"taxonomy":"post_tag","embeddable":true,"href":"http:\/\/www.feuerwehr-brickeln-quickborn.de\/wcms\/wp-json\/wp\/v2\/tags?post=2299"}],"curies":[{"name":"wp","href":"https:\/\/api.w.org\/{rel}","templated":true}]}}